{"id":1603,"date":"2021-06-25T10:47:17","date_gmt":"2021-06-25T08:47:17","guid":{"rendered":"https:\/\/remire.it\/?p=1603"},"modified":"2021-09-03T12:24:04","modified_gmt":"2021-09-03T10:24:04","slug":"arketipo-gate-central-antonio-citterio-patrizia-viel-milano-remi-commercializzazione-e-vendita","status":"publish","type":"post","link":"https:\/\/remire.it\/en\/arketipo-gate-central-antonio-citterio-patrizia-viel-milano-remi-commercializzazione-e-vendita\/","title":{"rendered":"Arketipo &#8211; Gate Central, Antonio Citterio Patrizia Viel, Milano &#8211; ReMi commercializzazione e vendita"},"content":{"rendered":"Nel cuore di Milano, lo studio <strong><a href=\"https:\/\/www.citterio-viel.com\/\" target=\"_blank\" rel=\"noopener\">Antonio Citterio Patrizia Viel (ACPV)<\/a><\/strong> realizzer\u00e0 un nuovo complesso a uso misto: <strong><a href=\"https:\/\/remire.it\/progetti\/gate-central\/\" target=\"_blank\" rel=\"noopener\">Gate Central<\/a><\/strong>. 1.700 metri quadri di spazi per abitazioni e retail che, insieme a un intervento di riqualificazione dell&#8217;area circostante con spazi aperti al pubblico e verde, ricostruiranno un vuoto urbanistico risalente alla Seconda guerra mondiale, restituendo un&#8217;area storica di Milano alla citt\u00e0.<\/p>\n<p>L&#8217;edificio, che si sviluppa su quattro piani fuori terra, ospiter\u00e0 8 unit\u00e0 abitative e spazi retail al piano terra e interrato, in linea con il mix di funzioni che caratterizza il quartiere. <a href=\"https:\/\/www.citterio-viel.com\/projects\/gate-central\/\" target=\"_blank\" rel=\"noopener\">Stabilendo una nuova accessibilit\u00e0 pedonale attraverso la creazione di una piazzetta interna semipubblica, che collegher\u00e0 via dei Fabbri a corso di Porta Ticinese, il progetto garantisce l&#8217;accesso alle residenze tramite un volume vetrato che illumina lo spazio pedonale antistante.<\/a> &#8220;Grazie a questo nuovo attraversamento che ristabilisce il collegamento tra via dei Fabbri e il corso, una serie di spazi urbani torner\u00e0 a disposizione del quartiere&#8221;, dice Patricia Viel, co-fondatore dello Studio ACPV. &#8220;Il progetto per Building ripristina il tessuto edilizio storico, con un edificio per funzioni urbane e la creazione di spazi destinati a verde e pubblico, colmando un vuoto creato dai bombardamenti della Seconda guerra mondiale\u201d.<\/p>\n<p>L&#8217;edificio \u00e8 caratterizzato da una facciata che si distingue per le forature delle finestre in bronzo brunito, mentre il basamento in pietra naturale Ceppo di Gr\u00e8, dal sapore milanese, favorisce l&#8217;integrazione dell&#8217;edificio con il contesto. La struttura del tetto del nuovo corpo architettonico sar\u00e0 rivestita in coppi in cotto di Possagno.<br \/>\n&#8220;L&#8217;architettura contemporanea dell&#8217;edificio e la sua matericit\u00e0 richiamano e rispettano le importanti preesistenze, stabilendo un rapporto unico con i vicini monumenti storici, che includono la medievale Porta Ticinese, il colonnato romano e la Basilica di San Lorenzo &#8211; una delle chiese pi\u00f9 antiche di Milano&#8221;, aggiunge Sara Busnelli, partner ACPV, responsabile del progetto.<\/p>\n<p>Gate Central risponde all&#8217;approccio progettuale di ACPV finalizzato a migliorare la qualit\u00e0 della vita dei cittadini, rispondendo alle loro esigenze. Il nuovo complesso residenziale di Porta Ticinese contribuir\u00e0 alla rigenerazione urbana dell&#8217;intera area, integrando in modo sostenibile una molteplicit\u00e0 di funzioni a uso sia privato che pubblico.<\/p>\n<p><a target=\"_blank\" rel=\"noopener\">www.arketipomagazine.it<\/a><\/p>\n<p>&nbsp;<br \/>\n<div id='gallery-2' class='gallery galleryid-1603 gallery-columns-2 gallery-size-full'><figure class='gallery-item'>\n\t\t\t<div class='gallery-icon landscape'>\n\t\t\t\t<a href='https:\/\/remire.it\/wp-content\/uploads\/2021\/07\/Arketipo-Gate-Central-Antonio-Citterio-Patrizia-Viel-Milano-1-re_mi-real-estate.jpg'><img loading=\"lazy\" decoding=\"async\" width=\"1024\" height=\"650\" src=\"https:\/\/remire.it\/wp-content\/uploads\/2021\/07\/Arketipo-Gate-Central-Antonio-Citterio-Patrizia-Viel-Milano-1-re_mi-real-estate.jpg\" class=\"attachment-full size-full\" alt=\"\" srcset=\"https:\/\/remire.it\/wp-content\/uploads\/2021\/07\/Arketipo-Gate-Central-Antonio-Citterio-Patrizia-Viel-Milano-1-re_mi-real-estate.jpg 1024w, https:\/\/remire.it\/wp-content\/uploads\/2021\/07\/Arketipo-Gate-Central-Antonio-Citterio-Patrizia-Viel-Milano-1-re_mi-real-estate-600x381.jpg 600w, https:\/\/remire.it\/wp-content\/uploads\/2021\/07\/Arketipo-Gate-Central-Antonio-Citterio-Patrizia-Viel-Milano-1-re_mi-real-estate-768x488.jpg 768w, https:\/\/remire.it\/wp-content\/uploads\/2021\/07\/Arketipo-Gate-Central-Antonio-Citterio-Patrizia-Viel-Milano-1-re_mi-real-estate-500x317.jpg 500w, https:\/\/remire.it\/wp-content\/uploads\/2021\/07\/Arketipo-Gate-Central-Antonio-Citterio-Patrizia-Viel-Milano-1-re_mi-real-estate-800x508.jpg 800w\" sizes=\"auto, (max-width: 1024px) 100vw, 1024px\" \/><\/a>\n\t\t\t<\/div><\/figure><figure class='gallery-item'>\n\t\t\t<div class='gallery-icon landscape'>\n\t\t\t\t<a href='https:\/\/remire.it\/wp-content\/uploads\/2021\/07\/Arketipo-Gate-Central-Antonio-Citterio-Patrizia-Viel-Milano-2-re_mi-real-estate.jpg'><img loading=\"lazy\" decoding=\"async\" width=\"1200\" height=\"960\" src=\"https:\/\/remire.it\/wp-content\/uploads\/2021\/07\/Arketipo-Gate-Central-Antonio-Citterio-Patrizia-Viel-Milano-2-re_mi-real-estate.jpg\" class=\"attachment-full size-full\" alt=\"\" srcset=\"https:\/\/remire.it\/wp-content\/uploads\/2021\/07\/Arketipo-Gate-Central-Antonio-Citterio-Patrizia-Viel-Milano-2-re_mi-real-estate.jpg 1200w, https:\/\/remire.it\/wp-content\/uploads\/2021\/07\/Arketipo-Gate-Central-Antonio-Citterio-Patrizia-Viel-Milano-2-re_mi-real-estate-600x480.jpg 600w, https:\/\/remire.it\/wp-content\/uploads\/2021\/07\/Arketipo-Gate-Central-Antonio-Citterio-Patrizia-Viel-Milano-2-re_mi-real-estate-1024x819.jpg 1024w, https:\/\/remire.it\/wp-content\/uploads\/2021\/07\/Arketipo-Gate-Central-Antonio-Citterio-Patrizia-Viel-Milano-2-re_mi-real-estate-768x614.jpg 768w, https:\/\/remire.it\/wp-content\/uploads\/2021\/07\/Arketipo-Gate-Central-Antonio-Citterio-Patrizia-Viel-Milano-2-re_mi-real-estate-500x400.jpg 500w, https:\/\/remire.it\/wp-content\/uploads\/2021\/07\/Arketipo-Gate-Central-Antonio-Citterio-Patrizia-Viel-Milano-2-re_mi-real-estate-800x640.jpg 800w\" sizes=\"auto, (max-width: 1200px) 100vw, 1200px\" \/><\/a>\n\t\t\t<\/div><\/figure>\n\t\t<\/div>","protected":false},"excerpt":{"rendered":"<p>Nel cuore di Milano, lo studio Antonio Citterio Patrizia Viel (ACPV) realizzer\u00e0 un nuovo complesso a uso misto: Gate Central. 1.700 metri quadri di spazi per abitazioni e retail che, insieme a un intervento di riqualificazione dell&#8217;area circostante con spazi aperti al pubblico e verde, ricostruiranno un vuoto urbanistico risalente alla Seconda guerra mondiale, restituendo &#8230; <a title=\"Arketipo &#8211; Gate Central, Antonio Citterio Patrizia Viel, Milano &#8211; ReMi commercializzazione e vendita\" class=\"read-more\" href=\"https:\/\/remire.it\/en\/arketipo-gate-central-antonio-citterio-patrizia-viel-milano-remi-commercializzazione-e-vendita\/\" aria-label=\"More on Arketipo &#8211; Gate Central, Antonio Citterio Patrizia Viel, Milano &#8211; ReMi commercializzazione e vendita\">Read more<\/a><\/p>\n","protected":false},"author":1,"featured_media":1606,"comment_status":"closed","ping_status":"closed","sticky":false,"template":"","format":"standard","meta":{"_vp_format_video_url":"","_vp_image_focal_point":[],"footnotes":""},"categories":[1],"tags":[47,34,32,29,25,46,21,45],"class_list":["post-1603","post","type-post","status-publish","format-standard","has-post-thumbnail","hentry","category-press-news","tag-ceppo-di-gre","tag-edilizia","tag-gate-central","tag-immobiliare","tag-milano","tag-porta-ticinese","tag-remi-real-estate","tag-via-dei-fabbri"],"yoast_head":"<!-- This site is optimized with the Yoast SEO plugin v26.2 - https:\/\/yoast.com\/wordpress\/plugins\/seo\/ -->\n<title>Re.Mi. - Arketipo - Gate Central, Antonio Citterio Patrizia Viel, Milano<\/title>\n<meta name=\"description\" content=\"Nel cuore di Milano, lo studio Antonio Citterio Patrizia Viel (ACPV) realizzer\u00e0 un nuovo complesso a uso misto: Gate Central.\" \/>\n<meta name=\"robots\" content=\"index, follow, max-snippet:-1, max-image-preview:large, max-video-preview:-1\" \/>\n<link rel=\"canonical\" href=\"https:\/\/remire.it\/arketipo-gate-central-antonio-citterio-patrizia-viel-milano-remi-commercializzazione-e-vendita\/\" \/>\n<meta property=\"og:locale\" content=\"en_US\" \/>\n<meta property=\"og:type\" content=\"article\" \/>\n<meta property=\"og:title\" content=\"Arketipo \u2013 Gate Central, Antonio Citterio Patrizia Viel, Milano \u2013 ReMi commercializzazione e vendita\" \/>\n<meta property=\"og:description\" content=\"Nel cuore di Milano, lo studio Antonio Citterio Patrizia Viel (ACPV) realizzer\u00e0 un nuovo complesso a uso misto: Gate Central.\" \/>\n<meta property=\"og:url\" content=\"https:\/\/remire.it\/arketipo-gate-central-antonio-citterio-patrizia-viel-milano-remi-commercializzazione-e-vendita\/\" \/>\n<meta property=\"og:site_name\" content=\"Re.Mi.\" \/>\n<meta property=\"article:published_time\" content=\"2021-06-25T08:47:17+00:00\" \/>\n<meta property=\"article:modified_time\" content=\"2021-09-03T10:24:04+00:00\" \/>\n<meta property=\"og:image\" content=\"https:\/\/remire.it\/wp-content\/uploads\/2021\/06\/Arketipo-Gate-Central-Antonio-Citterio-Patrizia-Viel-Milano-re_mi-real-estate-fb.jpg\" \/>\n\t<meta property=\"og:image:width\" content=\"1200\" \/>\n\t<meta property=\"og:image:height\" content=\"600\" \/>\n\t<meta property=\"og:image:type\" content=\"image\/jpeg\" \/>\n<meta name=\"author\" content=\"remiadmin\" \/>\n<meta name=\"twitter:card\" content=\"summary_large_image\" \/>\n<meta name=\"twitter:title\" content=\"Arketipo \u2013 Gate Central, Antonio Citterio Patrizia Viel, Milano \u2013 ReMi commercializzazione e vendita\" \/>\n<meta name=\"twitter:description\" content=\"Nel cuore di Milano, lo studio Antonio Citterio Patrizia Viel (ACPV) realizzer\u00e0 un nuovo complesso a uso misto: Gate Central.\" \/>\n<meta name=\"twitter:image\" content=\"https:\/\/remire.it\/wp-content\/uploads\/2021\/06\/Arketipo-Gate-Central-Antonio-Citterio-Patrizia-Viel-Milano-re_mi-real-estate-fb.jpg\" \/>\n<meta name=\"twitter:label1\" content=\"Written by\" \/>\n\t<meta name=\"twitter:data1\" content=\"remiadmin\" \/>\n\t<meta name=\"twitter:label2\" content=\"Est. reading time\" \/>\n\t<meta name=\"twitter:data2\" content=\"4 minutes\" \/>\n<script type=\"application\/ld+json\" class=\"yoast-schema-graph\">{\"@context\":\"https:\/\/schema.org\",\"@graph\":[{\"@type\":\"Article\",\"@id\":\"https:\/\/remire.it\/arketipo-gate-central-antonio-citterio-patrizia-viel-milano-remi-commercializzazione-e-vendita\/#article\",\"isPartOf\":{\"@id\":\"https:\/\/remire.it\/arketipo-gate-central-antonio-citterio-patrizia-viel-milano-remi-commercializzazione-e-vendita\/\"},\"author\":{\"name\":\"remiadmin\",\"@id\":\"https:\/\/remire.it\/en\/#\/schema\/person\/50642ecb8e879b35a9436a339197f710\"},\"headline\":\"Arketipo &#8211; Gate Central, Antonio Citterio Patrizia Viel, Milano &#8211; ReMi commercializzazione e vendita\",\"datePublished\":\"2021-06-25T08:47:17+00:00\",\"dateModified\":\"2021-09-03T10:24:04+00:00\",\"mainEntityOfPage\":{\"@id\":\"https:\/\/remire.it\/arketipo-gate-central-antonio-citterio-patrizia-viel-milano-remi-commercializzazione-e-vendita\/\"},\"wordCount\":734,\"publisher\":{\"@id\":\"https:\/\/remire.it\/en\/#organization\"},\"image\":{\"@id\":\"https:\/\/remire.it\/arketipo-gate-central-antonio-citterio-patrizia-viel-milano-remi-commercializzazione-e-vendita\/#primaryimage\"},\"thumbnailUrl\":\"https:\/\/remire.it\/wp-content\/uploads\/2021\/07\/Arketipo-Gate-Central-Antonio-Citterio-Patrizia-Viel-Milano-re_mi-real-estate.jpg\",\"keywords\":[\"ceppo di gr\u00e8\",\"edilizia\",\"Gate Central\",\"immobiliare\",\"milano\",\"porta ticinese\",\"Remi Real Estate\",\"via dei fabbri\"],\"articleSection\":[\"Press &amp; News\"],\"inLanguage\":\"en-US\"},{\"@type\":\"WebPage\",\"@id\":\"https:\/\/remire.it\/arketipo-gate-central-antonio-citterio-patrizia-viel-milano-remi-commercializzazione-e-vendita\/\",\"url\":\"https:\/\/remire.it\/arketipo-gate-central-antonio-citterio-patrizia-viel-milano-remi-commercializzazione-e-vendita\/\",\"name\":\"Re.Mi. - Arketipo - Gate Central, Antonio Citterio Patrizia Viel, Milano\",\"isPartOf\":{\"@id\":\"https:\/\/remire.it\/en\/#website\"},\"primaryImageOfPage\":{\"@id\":\"https:\/\/remire.it\/arketipo-gate-central-antonio-citterio-patrizia-viel-milano-remi-commercializzazione-e-vendita\/#primaryimage\"},\"image\":{\"@id\":\"https:\/\/remire.it\/arketipo-gate-central-antonio-citterio-patrizia-viel-milano-remi-commercializzazione-e-vendita\/#primaryimage\"},\"thumbnailUrl\":\"https:\/\/remire.it\/wp-content\/uploads\/2021\/07\/Arketipo-Gate-Central-Antonio-Citterio-Patrizia-Viel-Milano-re_mi-real-estate.jpg\",\"datePublished\":\"2021-06-25T08:47:17+00:00\",\"dateModified\":\"2021-09-03T10:24:04+00:00\",\"description\":\"Nel cuore di Milano, lo studio Antonio Citterio Patrizia Viel (ACPV) realizzer\u00e0 un nuovo complesso a uso misto: Gate Central.\",\"breadcrumb\":{\"@id\":\"https:\/\/remire.it\/arketipo-gate-central-antonio-citterio-patrizia-viel-milano-remi-commercializzazione-e-vendita\/#breadcrumb\"},\"inLanguage\":\"en-US\",\"potentialAction\":[{\"@type\":\"ReadAction\",\"target\":[\"https:\/\/remire.it\/arketipo-gate-central-antonio-citterio-patrizia-viel-milano-remi-commercializzazione-e-vendita\/\"]}]},{\"@type\":\"ImageObject\",\"inLanguage\":\"en-US\",\"@id\":\"https:\/\/remire.it\/arketipo-gate-central-antonio-citterio-patrizia-viel-milano-remi-commercializzazione-e-vendita\/#primaryimage\",\"url\":\"https:\/\/remire.it\/wp-content\/uploads\/2021\/07\/Arketipo-Gate-Central-Antonio-Citterio-Patrizia-Viel-Milano-re_mi-real-estate.jpg\",\"contentUrl\":\"https:\/\/remire.it\/wp-content\/uploads\/2021\/07\/Arketipo-Gate-Central-Antonio-Citterio-Patrizia-Viel-Milano-re_mi-real-estate.jpg\",\"width\":1000,\"height\":600},{\"@type\":\"BreadcrumbList\",\"@id\":\"https:\/\/remire.it\/arketipo-gate-central-antonio-citterio-patrizia-viel-milano-remi-commercializzazione-e-vendita\/#breadcrumb\",\"itemListElement\":[{\"@type\":\"ListItem\",\"position\":1,\"name\":\"Home\",\"item\":\"https:\/\/remire.it\/en\/\"},{\"@type\":\"ListItem\",\"position\":2,\"name\":\"Arketipo &#8211; Gate Central, Antonio Citterio Patrizia Viel, Milano &#8211; ReMi commercializzazione e vendita\"}]},{\"@type\":\"WebSite\",\"@id\":\"https:\/\/remire.it\/en\/#website\",\"url\":\"https:\/\/remire.it\/en\/\",\"name\":\"Re.Mi.\",\"description\":\"Real Estate\",\"publisher\":{\"@id\":\"https:\/\/remire.it\/en\/#organization\"},\"potentialAction\":[{\"@type\":\"SearchAction\",\"target\":{\"@type\":\"EntryPoint\",\"urlTemplate\":\"https:\/\/remire.it\/en\/?s={search_term_string}\"},\"query-input\":{\"@type\":\"PropertyValueSpecification\",\"valueRequired\":true,\"valueName\":\"search_term_string\"}}],\"inLanguage\":\"en-US\"},{\"@type\":\"Organization\",\"@id\":\"https:\/\/remire.it\/en\/#organization\",\"name\":\"Re.Mi\",\"url\":\"https:\/\/remire.it\/en\/\",\"logo\":{\"@type\":\"ImageObject\",\"inLanguage\":\"en-US\",\"@id\":\"https:\/\/remire.it\/en\/#\/schema\/logo\/image\/\",\"url\":\"https:\/\/remire.it\/wp-content\/uploads\/2021\/03\/ReMi-Societa-di-intermediazione-e-servizi-immobiliari.jpg\",\"contentUrl\":\"https:\/\/remire.it\/wp-content\/uploads\/2021\/03\/ReMi-Societa-di-intermediazione-e-servizi-immobiliari.jpg\",\"width\":715,\"height\":716,\"caption\":\"Re.Mi\"},\"image\":{\"@id\":\"https:\/\/remire.it\/en\/#\/schema\/logo\/image\/\"}},{\"@type\":\"Person\",\"@id\":\"https:\/\/remire.it\/en\/#\/schema\/person\/50642ecb8e879b35a9436a339197f710\",\"name\":\"remiadmin\",\"image\":{\"@type\":\"ImageObject\",\"inLanguage\":\"en-US\",\"@id\":\"https:\/\/remire.it\/en\/#\/schema\/person\/image\/\",\"url\":\"https:\/\/secure.gravatar.com\/avatar\/0dfebb49e905d8e47795e76a132a83ce28081f26a1da6aaa02547a10fc6fb5df?s=96&d=wavatar&r=g\",\"contentUrl\":\"https:\/\/secure.gravatar.com\/avatar\/0dfebb49e905d8e47795e76a132a83ce28081f26a1da6aaa02547a10fc6fb5df?s=96&d=wavatar&r=g\",\"caption\":\"remiadmin\"},\"sameAs\":[\"https:\/\/remire.it\"],\"url\":\"https:\/\/remire.it\/en\/author\/remiadmin\/\"}]}<\/script>\n<!-- \/ Yoast SEO plugin. -->","yoast_head_json":{"title":"Re.Mi. - Arketipo - Gate Central, Antonio Citterio Patrizia Viel, Milano","description":"Nel cuore di Milano, lo studio Antonio Citterio Patrizia Viel (ACPV) realizzer\u00e0 un nuovo complesso a uso misto: Gate Central.","robots":{"index":"index","follow":"follow","max-snippet":"max-snippet:-1","max-image-preview":"max-image-preview:large","max-video-preview":"max-video-preview:-1"},"canonical":"https:\/\/remire.it\/arketipo-gate-central-antonio-citterio-patrizia-viel-milano-remi-commercializzazione-e-vendita\/","og_locale":"en_US","og_type":"article","og_title":"Arketipo \u2013 Gate Central, Antonio Citterio Patrizia Viel, Milano \u2013 ReMi commercializzazione e vendita","og_description":"Nel cuore di Milano, lo studio Antonio Citterio Patrizia Viel (ACPV) realizzer\u00e0 un nuovo complesso a uso misto: Gate Central.","og_url":"https:\/\/remire.it\/arketipo-gate-central-antonio-citterio-patrizia-viel-milano-remi-commercializzazione-e-vendita\/","og_site_name":"Re.Mi.","article_published_time":"2021-06-25T08:47:17+00:00","article_modified_time":"2021-09-03T10:24:04+00:00","og_image":[{"width":1200,"height":600,"url":"https:\/\/remire.it\/wp-content\/uploads\/2021\/06\/Arketipo-Gate-Central-Antonio-Citterio-Patrizia-Viel-Milano-re_mi-real-estate-fb.jpg","type":"image\/jpeg"}],"author":"remiadmin","twitter_card":"summary_large_image","twitter_title":"Arketipo \u2013 Gate Central, Antonio Citterio Patrizia Viel, Milano \u2013 ReMi commercializzazione e vendita","twitter_description":"Nel cuore di Milano, lo studio Antonio Citterio Patrizia Viel (ACPV) realizzer\u00e0 un nuovo complesso a uso misto: Gate Central.","twitter_image":"https:\/\/remire.it\/wp-content\/uploads\/2021\/06\/Arketipo-Gate-Central-Antonio-Citterio-Patrizia-Viel-Milano-re_mi-real-estate-fb.jpg","twitter_misc":{"Written by":"remiadmin","Est. reading time":"4 minutes"},"schema":{"@context":"https:\/\/schema.org","@graph":[{"@type":"Article","@id":"https:\/\/remire.it\/arketipo-gate-central-antonio-citterio-patrizia-viel-milano-remi-commercializzazione-e-vendita\/#article","isPartOf":{"@id":"https:\/\/remire.it\/arketipo-gate-central-antonio-citterio-patrizia-viel-milano-remi-commercializzazione-e-vendita\/"},"author":{"name":"remiadmin","@id":"https:\/\/remire.it\/en\/#\/schema\/person\/50642ecb8e879b35a9436a339197f710"},"headline":"Arketipo &#8211; Gate Central, Antonio Citterio Patrizia Viel, Milano &#8211; ReMi commercializzazione e vendita","datePublished":"2021-06-25T08:47:17+00:00","dateModified":"2021-09-03T10:24:04+00:00","mainEntityOfPage":{"@id":"https:\/\/remire.it\/arketipo-gate-central-antonio-citterio-patrizia-viel-milano-remi-commercializzazione-e-vendita\/"},"wordCount":734,"publisher":{"@id":"https:\/\/remire.it\/en\/#organization"},"image":{"@id":"https:\/\/remire.it\/arketipo-gate-central-antonio-citterio-patrizia-viel-milano-remi-commercializzazione-e-vendita\/#primaryimage"},"thumbnailUrl":"https:\/\/remire.it\/wp-content\/uploads\/2021\/07\/Arketipo-Gate-Central-Antonio-Citterio-Patrizia-Viel-Milano-re_mi-real-estate.jpg","keywords":["ceppo di gr\u00e8","edilizia","Gate Central","immobiliare","milano","porta ticinese","Remi Real Estate","via dei fabbri"],"articleSection":["Press &amp; News"],"inLanguage":"en-US"},{"@type":"WebPage","@id":"https:\/\/remire.it\/arketipo-gate-central-antonio-citterio-patrizia-viel-milano-remi-commercializzazione-e-vendita\/","url":"https:\/\/remire.it\/arketipo-gate-central-antonio-citterio-patrizia-viel-milano-remi-commercializzazione-e-vendita\/","name":"Re.Mi. - Arketipo - Gate Central, Antonio Citterio Patrizia Viel, Milano","isPartOf":{"@id":"https:\/\/remire.it\/en\/#website"},"primaryImageOfPage":{"@id":"https:\/\/remire.it\/arketipo-gate-central-antonio-citterio-patrizia-viel-milano-remi-commercializzazione-e-vendita\/#primaryimage"},"image":{"@id":"https:\/\/remire.it\/arketipo-gate-central-antonio-citterio-patrizia-viel-milano-remi-commercializzazione-e-vendita\/#primaryimage"},"thumbnailUrl":"https:\/\/remire.it\/wp-content\/uploads\/2021\/07\/Arketipo-Gate-Central-Antonio-Citterio-Patrizia-Viel-Milano-re_mi-real-estate.jpg","datePublished":"2021-06-25T08:47:17+00:00","dateModified":"2021-09-03T10:24:04+00:00","description":"Nel cuore di Milano, lo studio Antonio Citterio Patrizia Viel (ACPV) realizzer\u00e0 un nuovo complesso a uso misto: Gate Central.","breadcrumb":{"@id":"https:\/\/remire.it\/arketipo-gate-central-antonio-citterio-patrizia-viel-milano-remi-commercializzazione-e-vendita\/#breadcrumb"},"inLanguage":"en-US","potentialAction":[{"@type":"ReadAction","target":["https:\/\/remire.it\/arketipo-gate-central-antonio-citterio-patrizia-viel-milano-remi-commercializzazione-e-vendita\/"]}]},{"@type":"ImageObject","inLanguage":"en-US","@id":"https:\/\/remire.it\/arketipo-gate-central-antonio-citterio-patrizia-viel-milano-remi-commercializzazione-e-vendita\/#primaryimage","url":"https:\/\/remire.it\/wp-content\/uploads\/2021\/07\/Arketipo-Gate-Central-Antonio-Citterio-Patrizia-Viel-Milano-re_mi-real-estate.jpg","contentUrl":"https:\/\/remire.it\/wp-content\/uploads\/2021\/07\/Arketipo-Gate-Central-Antonio-Citterio-Patrizia-Viel-Milano-re_mi-real-estate.jpg","width":1000,"height":600},{"@type":"BreadcrumbList","@id":"https:\/\/remire.it\/arketipo-gate-central-antonio-citterio-patrizia-viel-milano-remi-commercializzazione-e-vendita\/#breadcrumb","itemListElement":[{"@type":"ListItem","position":1,"name":"Home","item":"https:\/\/remire.it\/en\/"},{"@type":"ListItem","position":2,"name":"Arketipo &#8211; Gate Central, Antonio Citterio Patrizia Viel, Milano &#8211; ReMi commercializzazione e vendita"}]},{"@type":"WebSite","@id":"https:\/\/remire.it\/en\/#website","url":"https:\/\/remire.it\/en\/","name":"Re.Mi.","description":"Real Estate","publisher":{"@id":"https:\/\/remire.it\/en\/#organization"},"potentialAction":[{"@type":"SearchAction","target":{"@type":"EntryPoint","urlTemplate":"https:\/\/remire.it\/en\/?s={search_term_string}"},"query-input":{"@type":"PropertyValueSpecification","valueRequired":true,"valueName":"search_term_string"}}],"inLanguage":"en-US"},{"@type":"Organization","@id":"https:\/\/remire.it\/en\/#organization","name":"Re.Mi","url":"https:\/\/remire.it\/en\/","logo":{"@type":"ImageObject","inLanguage":"en-US","@id":"https:\/\/remire.it\/en\/#\/schema\/logo\/image\/","url":"https:\/\/remire.it\/wp-content\/uploads\/2021\/03\/ReMi-Societa-di-intermediazione-e-servizi-immobiliari.jpg","contentUrl":"https:\/\/remire.it\/wp-content\/uploads\/2021\/03\/ReMi-Societa-di-intermediazione-e-servizi-immobiliari.jpg","width":715,"height":716,"caption":"Re.Mi"},"image":{"@id":"https:\/\/remire.it\/en\/#\/schema\/logo\/image\/"}},{"@type":"Person","@id":"https:\/\/remire.it\/en\/#\/schema\/person\/50642ecb8e879b35a9436a339197f710","name":"remiadmin","image":{"@type":"ImageObject","inLanguage":"en-US","@id":"https:\/\/remire.it\/en\/#\/schema\/person\/image\/","url":"https:\/\/secure.gravatar.com\/avatar\/0dfebb49e905d8e47795e76a132a83ce28081f26a1da6aaa02547a10fc6fb5df?s=96&d=wavatar&r=g","contentUrl":"https:\/\/secure.gravatar.com\/avatar\/0dfebb49e905d8e47795e76a132a83ce28081f26a1da6aaa02547a10fc6fb5df?s=96&d=wavatar&r=g","caption":"remiadmin"},"sameAs":["https:\/\/remire.it"],"url":"https:\/\/remire.it\/en\/author\/remiadmin\/"}]}},"_links":{"self":[{"href":"https:\/\/remire.it\/en\/wp-json\/wp\/v2\/posts\/1603","targetHints":{"allow":["GET"]}}],"collection":[{"href":"https:\/\/remire.it\/en\/wp-json\/wp\/v2\/posts"}],"about":[{"href":"https:\/\/remire.it\/en\/wp-json\/wp\/v2\/types\/post"}],"author":[{"embeddable":true,"href":"https:\/\/remire.it\/en\/wp-json\/wp\/v2\/users\/1"}],"replies":[{"embeddable":true,"href":"https:\/\/remire.it\/en\/wp-json\/wp\/v2\/comments?post=1603"}],"version-history":[{"count":5,"href":"https:\/\/remire.it\/en\/wp-json\/wp\/v2\/posts\/1603\/revisions"}],"predecessor-version":[{"id":1726,"href":"https:\/\/remire.it\/en\/wp-json\/wp\/v2\/posts\/1603\/revisions\/1726"}],"wp:featuredmedia":[{"embeddable":true,"href":"https:\/\/remire.it\/en\/wp-json\/wp\/v2\/media\/1606"}],"wp:attachment":[{"href":"https:\/\/remire.it\/en\/wp-json\/wp\/v2\/media?parent=1603"}],"wp:term":[{"taxonomy":"category","embeddable":true,"href":"https:\/\/remire.it\/en\/wp-json\/wp\/v2\/categories?post=1603"},{"taxonomy":"post_tag","embeddable":true,"href":"https:\/\/remire.it\/en\/wp-json\/wp\/v2\/tags?post=1603"}],"curies":[{"name":"wp","href":"https:\/\/api.w.org\/{rel}","templated":true}]}}